{"id":948,"date":"2022-04-15T14:39:03","date_gmt":"2022-04-15T12:39:03","guid":{"rendered":"https:\/\/aneto.fr\/?p=948"},"modified":"2023-11-02T19:06:13","modified_gmt":"2023-11-02T18:06:13","slug":"le-trio-zouari-niel-pigasse-veut-bousculer-la-distribution-alimentaire-en-france","status":"publish","type":"post","link":"https:\/\/aneto.fr\/index.php\/2022\/04\/15\/le-trio-zouari-niel-pigasse-veut-bousculer-la-distribution-alimentaire-en-france\/","title":{"rendered":"Distribution agro-alimentaire : le trio Zouari-Niel-Pigasse veut bousculer la distribution alimentaire en France"},"content":{"rendered":"\t\t<div data-elementor-type=\"wp-post\" data-elementor-id=\"948\" class=\"elementor elementor-948\">\n\t\t\t\t\t\t\t\t\t<section class=\"elementor-section elementor-top-section elementor-element elementor-element-6f59002 elementor-section-boxed elementor-section-height-default elementor-section-height-default\" data-id=\"6f59002\" data-element_type=\"section\">\n\t\t\t\t\t\t<div class=\"elementor-container elementor-column-gap-default\">\n\t\t\t\t\t<div class=\"elementor-column elementor-col-100 elementor-top-column elementor-element elementor-element-79b01c0\" data-id=\"79b01c0\" data-element_type=\"column\">\n\t\t\t<div class=\"elementor-widget-wrap elementor-element-populated\">\n\t\t\t\t\t\t\t\t<div class=\"elementor-element elementor-element-7d34339 elementor-widget elementor-widget-text-editor\" data-id=\"7d34339\" data-element_type=\"widget\" data-widget_type=\"text-editor.default\">\n\t\t\t\t<div class=\"elementor-widget-container\">\n\t\t\t\t\t\t\t<p>Le trio Zouari-Niel-Pigasse, via son v\u00e9hicule d&rsquo;acquisition 2MX Organic, semble avoir enfin trouv\u00e9 le partenaire id\u00e9al pour bousculer la distribution alimentaire en France vie directement Grand Frais.<\/p>\t\t\t\t\t\t<\/div>\n\t\t\t\t<\/div>\n\t\t\t\t\t<\/div>\n\t\t<\/div>\n\t\t\t\t\t\t\t<\/div>\n\t\t<\/section>\n\t\t\t\t<section class=\"elementor-section elementor-top-section elementor-element elementor-element-74746dd elementor-section-boxed elementor-section-height-default elementor-section-height-default\" data-id=\"74746dd\" data-element_type=\"section\">\n\t\t\t\t\t\t<div class=\"elementor-container elementor-column-gap-default\">\n\t\t\t\t\t<div class=\"elementor-column elementor-col-100 elementor-top-column elementor-element elementor-element-8f1012a\" data-id=\"8f1012a\" data-element_type=\"column\">\n\t\t\t<div class=\"elementor-widget-wrap elementor-element-populated\">\n\t\t\t\t\t\t\t\t<div class=\"elementor-element elementor-element-4d6ee0a elementor-widget elementor-widget-heading\" data-id=\"4d6ee0a\" data-element_type=\"widget\" data-widget_type=\"heading.default\">\n\t\t\t\t<div class=\"elementor-widget-container\">\n\t\t\t<h5 class=\"elementor-heading-title elementor-size-default\">Une alliance d'int\u00e9r\u00eat entre 2MX et Invivo<\/h5>\t\t<\/div>\n\t\t\t\t<\/div>\n\t\t\t\t<div class=\"elementor-element elementor-element-8b62729 elementor-widget elementor-widget-text-editor\" data-id=\"8b62729\" data-element_type=\"widget\" data-widget_type=\"text-editor.default\">\n\t\t\t\t<div class=\"elementor-widget-container\">\n\t\t\t\t\t\t\t<p>Le trio Zouari-Niel-Pigasse a tent\u00e9 en vain d&rsquo;acqu\u00e9rir PROSOL et son enseigne Grand Frais d\u00e9but 2021, puis le complexe Cora-Truffaut aupr\u00e8s du groupe Louis Delhaize en novembre 2021. Apr\u00e8s deux \u00e9checs, 2MX Organic a finalement pu trouver son partenaire avec InVivo Retail pour <a href=\"https:\/\/aneto.fr\/index.php\/2020\/04\/27\/mutation-distribution\/\">transformer la distribution<\/a>.<\/p><p>D&rsquo;un c\u00f4t\u00e9, la filiale d&rsquo;InVivo, sp\u00e9cialis\u00e9e dans les jardineries et l&rsquo;animalerie r\u00e9alise 2,5 milliards d&rsquo;euros de chiffre d&rsquo;affaires, notamment sous les enseignes Gamm Vert, Jardiland et Delbard. Cette active se d\u00e9ploie actuellement sur 1 600 points de vente en France, dont 220 sont d\u00e9tenus en propre. En parall\u00e8le, elle a d\u00e9velopp\u00e9 ces derni\u00e8res ann\u00e9es une offre alimentaire. Cette derni\u00e8re est encore \u00e9mergente \u00e0 ce stage, autour notamment de la marque Frais d&rsquo;Ici et s&rsquo;appuie sur les 300 000 agriculteurs des coop\u00e9ratives adh\u00e9rentes.<\/p><p><span style=\"color: var( --e-global-color-text ); font-family: var( --e-global-typography-text-font-family ), Comfortaa; background: var(--sydney-global-color-9);\">De l&rsquo;autre c\u00f4t\u00e9, la <\/span><a style=\"font-family: var( --e-global-typography-text-font-family ), Comfortaa;\" href=\"https:\/\/fr.2mxorganic.com\/\">SPAC 2MX Organic<\/a><span style=\"color: var( --e-global-color-text ); font-family: var( --e-global-typography-text-font-family ), Comfortaa; background: var(--sydney-global-color-9);\"> pourrait apporter, au-del\u00e0 de l&rsquo;enveloppe financi\u00e8re substantielle, des expertises compl\u00e9mentaires aux forces d&rsquo;InVivo Retail :<\/span><\/p><ul><li><span style=\"color: var( --e-global-color-text ); font-family: var( --e-global-typography-text-font-family ), Comfortaa; background: var(--sydney-global-color-9);\">Le savoir-faire de Xavier Niel dans le digital, fondateur d&rsquo;Iliad &#8211; le groupe fran\u00e7ais de t\u00e9l\u00e9communication. Il permettra de combler le retard de l&rsquo;univers de la jardinerie dans la distribution en ligne, voire d&rsquo;envisager la cr\u00e9ation d&rsquo;une marketplace ;<\/span><\/li><li><span style=\"color: var( --e-global-color-text ); font-family: var( --e-global-typography-text-font-family ), Comfortaa; background: var(--sydney-global-color-9);\">La riche exp\u00e9rience de Moez-Alexandre Zouari dans la distribution alimentaire de proximit\u00e9 en tant que premier franchis\u00e9 de Casino et actionnaire de r\u00e9f\u00e9rence de Picard Surgel\u00e9s, pour faire changer de dimension l&rsquo;offre alimentaire d&rsquo;InVivo.<\/span><\/li><\/ul><p><span style=\"color: var( --e-global-color-text ); font-family: var( --e-global-typography-text-font-family ), Comfortaa; background: var(--sydney-global-color-9);\">Sur le papier, ce partenariat semble donc compl\u00e9mentaire entre les deux parties \u00e0 presque tous les niveaux.<\/span><\/p>\t\t\t\t\t\t<\/div>\n\t\t\t\t<\/div>\n\t\t\t\t\t<\/div>\n\t\t<\/div>\n\t\t\t\t\t\t\t<\/div>\n\t\t<\/section>\n\t\t\t\t<section class=\"elementor-section elementor-top-section elementor-element elementor-element-cbbb7b0 elementor-section-boxed elementor-section-height-default elementor-section-height-default\" data-id=\"cbbb7b0\" data-element_type=\"section\">\n\t\t\t\t\t\t<div class=\"elementor-container elementor-column-gap-default\">\n\t\t\t\t\t<div class=\"elementor-column elementor-col-100 elementor-top-column elementor-element elementor-element-ccd8ed1\" data-id=\"ccd8ed1\" data-element_type=\"column\">\n\t\t\t<div class=\"elementor-widget-wrap elementor-element-populated\">\n\t\t\t\t\t\t\t\t<div class=\"elementor-element elementor-element-701b5d5 elementor-widget elementor-widget-heading\" data-id=\"701b5d5\" data-element_type=\"widget\" data-widget_type=\"heading.default\">\n\t\t\t\t<div class=\"elementor-widget-container\">\n\t\t\t<h5 class=\"elementor-heading-title elementor-size-default\">Grand Frais en ligne de mire<\/h5>\t\t<\/div>\n\t\t\t\t<\/div>\n\t\t\t\t<div class=\"elementor-element elementor-element-1161df1 elementor-widget elementor-widget-text-editor\" data-id=\"1161df1\" data-element_type=\"widget\" data-widget_type=\"text-editor.default\">\n\t\t\t\t<div class=\"elementor-widget-container\">\n\t\t\t\t\t\t\t<p>Cette alliance pourrait donner naissance \u00e0 une nouvelle marque \u00ab\u00a0Le Grand March\u00e9-Frais d&rsquo;Ici\u00a0\u00bb. La marque rappellera d&rsquo;ailleurs \u00e0 chacun \u00ab\u00a0Grand Frais\u00a0\u00bb, l&rsquo;enseigne de supermarch\u00e9s fran\u00e7aise, sp\u00e9cialis\u00e9e dans les produits frais et l&rsquo;\u00e9picerie avec un chiffre d&rsquo;affaires similaire \u00e0 celui d&rsquo;InVivo Retail. L&rsquo;id\u00e9e du trio est d&rsquo;ouvrir de petits \u00ab\u00a0centres commerciaux\u00a0\u00bb regroupant \u00e0 terme jardinerie, produits frais et, pourquoi pas demain, une surface de vente &#8230; Picard Surgel\u00e9s.<\/p><p>L&rsquo;objectif affich\u00e9 par Moez-Alexandre Zouari est limpide : cr\u00e9er \u00ab\u00a0le Grand Frais, mais premium et authentique\u00a0\u00bb et se positionner comme une alternative au quick commerce (livraison \u00e0 domicile en moins de 15 minutes) pour conqu\u00e9rir la nouvelle g\u00e9n\u00e9ration qui n&rsquo;a pas connu les hypermarch\u00e9s.<\/p><p>Cette op\u00e9ration constituerait un bouleversement dans le secteur de la distribution et notamment certains de ses leaders actuels, comme Biocoop ou Grand Frais. Grand Frais, ses 271 points de vente et son impressionnante croissance en France, sont sans aucun doute la cible directe du trio et de leurs 100 \u00e0 150 points de vente attendus pour leur nouvelle enseigne.<\/p>\t\t\t\t\t\t<\/div>\n\t\t\t\t<\/div>\n\t\t\t\t\t<\/div>\n\t\t<\/div>\n\t\t\t\t\t\t\t<\/div>\n\t\t<\/section>\n\t\t\t\t<section class=\"elementor-section elementor-top-section elementor-element elementor-element-358fb38 elementor-section-boxed elementor-section-height-default elementor-section-height-default\" data-id=\"358fb38\" data-element_type=\"section\">\n\t\t\t\t\t\t<div class=\"elementor-container elementor-column-gap-default\">\n\t\t\t\t\t<div class=\"elementor-column elementor-col-100 elementor-top-column elementor-element elementor-element-023a099\" data-id=\"023a099\" data-element_type=\"column\">\n\t\t\t<div class=\"elementor-widget-wrap elementor-element-populated\">\n\t\t\t\t\t\t\t\t<div class=\"elementor-element elementor-element-92f4a5d elementor-widget elementor-widget-text-editor\" data-id=\"92f4a5d\" data-element_type=\"widget\" data-widget_type=\"text-editor.default\">\n\t\t\t\t<div class=\"elementor-widget-container\">\n\t\t\t\t\t\t\t<p>Si les n\u00e9gociations exclusives entre 2MX Organic et InVivo, entam\u00e9es \u00e0 Paris le 31 mars 2022, aboutissent, nous assisterons \u00e0 la naissance d&rsquo;un acteur fort sur le march\u00e9.<\/p>\t\t\t\t\t\t<\/div>\n\t\t\t\t<\/div>\n\t\t\t\t\t<\/div>\n\t\t<\/div>\n\t\t\t\t\t\t\t<\/div>\n\t\t<\/section>\n\t\t\t\t\t\t\t<\/div>\n\t\t","protected":false},"excerpt":{"rendered":"<p>Le trio Zouari-Niel-Pigasse, via son v\u00e9hicule d&rsquo;acquisition 2MX Organic, semble avoir enfin trouv\u00e9 le partenaire id\u00e9al pour bousculer la distribution alimentaire en [&hellip;]<\/p>\n","protected":false},"author":1,"featured_media":973,"comment_status":"closed","ping_status":"closed","sticky":false,"template":"post-templates\/post_nosidebar.php","format":"image","meta":{"_uag_custom_page_level_css":"","footnotes":""},"categories":[16],"tags":[],"yoast_head":"<!-- This site is optimized with the Yoast SEO plugin v21.2 - https:\/\/yoast.com\/wordpress\/plugins\/seo\/ -->\n<title>ANETO Conseil - Distribution bouscul\u00e9e par 2MX et INVIVO<\/title>\n<meta name=\"description\" content=\"Le trio Zouari-Niel-Pigasse semble avoir enfin trouv\u00e9 le partenaire id\u00e9al pour bousculer la distribution alimentaire en France.\" \/>\n<meta name=\"robots\" content=\"index, follow, max-snippet:-1, max-image-preview:large, max-video-preview:-1\" \/>\n<link rel=\"canonical\" href=\"https:\/\/aneto.fr\/index.php\/2022\/04\/15\/le-trio-zouari-niel-pigasse-veut-bousculer-la-distribution-alimentaire-en-france\/\" \/>\n<meta property=\"og:locale\" content=\"fr_FR\" \/>\n<meta property=\"og:type\" content=\"article\" \/>\n<meta property=\"og:title\" content=\"Le trio Zouari-Niel-Pigasse veut bousculer la distribution alimentaire en France\" \/>\n<meta property=\"og:description\" content=\"Le trio Zouari-Niel-Pigasse semble avoir enfin trouv\u00e9 le partenaire id\u00e9al pour bousculer la distribution alimentaire en France.\" \/>\n<meta property=\"og:url\" content=\"https:\/\/aneto.fr\/index.php\/2022\/04\/15\/le-trio-zouari-niel-pigasse-veut-bousculer-la-distribution-alimentaire-en-france\/\" \/>\n<meta property=\"og:site_name\" content=\"ANETO\" \/>\n<meta property=\"article:published_time\" content=\"2022-04-15T12:39:03+00:00\" \/>\n<meta property=\"article:modified_time\" content=\"2023-11-02T18:06:13+00:00\" \/>\n<meta property=\"og:image\" content=\"https:\/\/aneto.fr\/wp-content\/uploads\/2022\/04\/Invivo.png\" \/>\n\t<meta property=\"og:image:width\" content=\"1247\" \/>\n\t<meta property=\"og:image:height\" content=\"774\" \/>\n\t<meta property=\"og:image:type\" content=\"image\/png\" \/>\n<meta name=\"author\" content=\"admin4108\" \/>\n<meta name=\"twitter:card\" content=\"summary_large_image\" \/>\n<meta name=\"twitter:title\" content=\"Le trio Zouari-Niel-Pigasse veut bousculer la distribution alimentaire en France\" \/>\n<meta name=\"twitter:label1\" content=\"\u00c9crit par\" \/>\n\t<meta name=\"twitter:data1\" content=\"admin4108\" \/>\n\t<meta name=\"twitter:label2\" content=\"Dur\u00e9e de lecture estim\u00e9e\" \/>\n\t<meta name=\"twitter:data2\" content=\"3 minutes\" \/>\n<script type=\"application\/ld+json\" class=\"yoast-schema-graph\">{\"@context\":\"https:\/\/schema.org\",\"@graph\":[{\"@type\":\"WebPage\",\"@id\":\"https:\/\/aneto.fr\/index.php\/2022\/04\/15\/le-trio-zouari-niel-pigasse-veut-bousculer-la-distribution-alimentaire-en-france\/\",\"url\":\"https:\/\/aneto.fr\/index.php\/2022\/04\/15\/le-trio-zouari-niel-pigasse-veut-bousculer-la-distribution-alimentaire-en-france\/\",\"name\":\"ANETO Conseil - Distribution bouscul\u00e9e par 2MX et INVIVO\",\"isPartOf\":{\"@id\":\"https:\/\/aneto.fr\/#website\"},\"datePublished\":\"2022-04-15T12:39:03+00:00\",\"dateModified\":\"2023-11-02T18:06:13+00:00\",\"author\":{\"@id\":\"https:\/\/aneto.fr\/#\/schema\/person\/5229216c9775aaf0ee85426476831f9d\"},\"description\":\"Le trio Zouari-Niel-Pigasse semble avoir enfin trouv\u00e9 le partenaire id\u00e9al pour bousculer la distribution alimentaire en France.\",\"breadcrumb\":{\"@id\":\"https:\/\/aneto.fr\/index.php\/2022\/04\/15\/le-trio-zouari-niel-pigasse-veut-bousculer-la-distribution-alimentaire-en-france\/#breadcrumb\"},\"inLanguage\":\"fr-FR\",\"potentialAction\":[{\"@type\":\"ReadAction\",\"target\":[\"https:\/\/aneto.fr\/index.php\/2022\/04\/15\/le-trio-zouari-niel-pigasse-veut-bousculer-la-distribution-alimentaire-en-france\/\"]}]},{\"@type\":\"BreadcrumbList\",\"@id\":\"https:\/\/aneto.fr\/index.php\/2022\/04\/15\/le-trio-zouari-niel-pigasse-veut-bousculer-la-distribution-alimentaire-en-france\/#breadcrumb\",\"itemListElement\":[{\"@type\":\"ListItem\",\"position\":1,\"name\":\"Accueil\",\"item\":\"https:\/\/aneto.fr\/\"},{\"@type\":\"ListItem\",\"position\":2,\"name\":\"Distribution agro-alimentaire : le trio Zouari-Niel-Pigasse veut bousculer la distribution alimentaire en France\"}]},{\"@type\":\"WebSite\",\"@id\":\"https:\/\/aneto.fr\/#website\",\"url\":\"https:\/\/aneto.fr\/\",\"name\":\"ANETO\",\"description\":\"Conseil en Strat\u00e9gie pour les PME et ETI\",\"potentialAction\":[{\"@type\":\"SearchAction\",\"target\":{\"@type\":\"EntryPoint\",\"urlTemplate\":\"https:\/\/aneto.fr\/?s={search_term_string}\"},\"query-input\":\"required name=search_term_string\"}],\"inLanguage\":\"fr-FR\"},{\"@type\":\"Person\",\"@id\":\"https:\/\/aneto.fr\/#\/schema\/person\/5229216c9775aaf0ee85426476831f9d\",\"name\":\"admin4108\",\"image\":{\"@type\":\"ImageObject\",\"inLanguage\":\"fr-FR\",\"@id\":\"https:\/\/aneto.fr\/#\/schema\/person\/image\/\",\"url\":\"https:\/\/secure.gravatar.com\/avatar\/401241fc00e0a8cdd749d9c122c8e919?s=96&d=mm&r=g\",\"contentUrl\":\"https:\/\/secure.gravatar.com\/avatar\/401241fc00e0a8cdd749d9c122c8e919?s=96&d=mm&r=g\",\"caption\":\"admin4108\"},\"url\":\"https:\/\/aneto.fr\/index.php\/author\/admin4108\/\"}]}<\/script>\n<!-- \/ Yoast SEO plugin. -->","yoast_head_json":{"title":"ANETO Conseil - Distribution bouscul\u00e9e par 2MX et INVIVO","description":"Le trio Zouari-Niel-Pigasse semble avoir enfin trouv\u00e9 le partenaire id\u00e9al pour bousculer la distribution alimentaire en France.","robots":{"index":"index","follow":"follow","max-snippet":"max-snippet:-1","max-image-preview":"max-image-preview:large","max-video-preview":"max-video-preview:-1"},"canonical":"https:\/\/aneto.fr\/index.php\/2022\/04\/15\/le-trio-zouari-niel-pigasse-veut-bousculer-la-distribution-alimentaire-en-france\/","og_locale":"fr_FR","og_type":"article","og_title":"Le trio Zouari-Niel-Pigasse veut bousculer la distribution alimentaire en France","og_description":"Le trio Zouari-Niel-Pigasse semble avoir enfin trouv\u00e9 le partenaire id\u00e9al pour bousculer la distribution alimentaire en France.","og_url":"https:\/\/aneto.fr\/index.php\/2022\/04\/15\/le-trio-zouari-niel-pigasse-veut-bousculer-la-distribution-alimentaire-en-france\/","og_site_name":"ANETO","article_published_time":"2022-04-15T12:39:03+00:00","article_modified_time":"2023-11-02T18:06:13+00:00","og_image":[{"width":1247,"height":774,"url":"https:\/\/aneto.fr\/wp-content\/uploads\/2022\/04\/Invivo.png","type":"image\/png"}],"author":"admin4108","twitter_card":"summary_large_image","twitter_title":"Le trio Zouari-Niel-Pigasse veut bousculer la distribution alimentaire en France","twitter_misc":{"\u00c9crit par":"admin4108","Dur\u00e9e de lecture estim\u00e9e":"3 minutes"},"schema":{"@context":"https:\/\/schema.org","@graph":[{"@type":"WebPage","@id":"https:\/\/aneto.fr\/index.php\/2022\/04\/15\/le-trio-zouari-niel-pigasse-veut-bousculer-la-distribution-alimentaire-en-france\/","url":"https:\/\/aneto.fr\/index.php\/2022\/04\/15\/le-trio-zouari-niel-pigasse-veut-bousculer-la-distribution-alimentaire-en-france\/","name":"ANETO Conseil - Distribution bouscul\u00e9e par 2MX et INVIVO","isPartOf":{"@id":"https:\/\/aneto.fr\/#website"},"datePublished":"2022-04-15T12:39:03+00:00","dateModified":"2023-11-02T18:06:13+00:00","author":{"@id":"https:\/\/aneto.fr\/#\/schema\/person\/5229216c9775aaf0ee85426476831f9d"},"description":"Le trio Zouari-Niel-Pigasse semble avoir enfin trouv\u00e9 le partenaire id\u00e9al pour bousculer la distribution alimentaire en France.","breadcrumb":{"@id":"https:\/\/aneto.fr\/index.php\/2022\/04\/15\/le-trio-zouari-niel-pigasse-veut-bousculer-la-distribution-alimentaire-en-france\/#breadcrumb"},"inLanguage":"fr-FR","potentialAction":[{"@type":"ReadAction","target":["https:\/\/aneto.fr\/index.php\/2022\/04\/15\/le-trio-zouari-niel-pigasse-veut-bousculer-la-distribution-alimentaire-en-france\/"]}]},{"@type":"BreadcrumbList","@id":"https:\/\/aneto.fr\/index.php\/2022\/04\/15\/le-trio-zouari-niel-pigasse-veut-bousculer-la-distribution-alimentaire-en-france\/#breadcrumb","itemListElement":[{"@type":"ListItem","position":1,"name":"Accueil","item":"https:\/\/aneto.fr\/"},{"@type":"ListItem","position":2,"name":"Distribution agro-alimentaire : le trio Zouari-Niel-Pigasse veut bousculer la distribution alimentaire en France"}]},{"@type":"WebSite","@id":"https:\/\/aneto.fr\/#website","url":"https:\/\/aneto.fr\/","name":"ANETO","description":"Conseil en Strat\u00e9gie pour les PME et ETI","potentialAction":[{"@type":"SearchAction","target":{"@type":"EntryPoint","urlTemplate":"https:\/\/aneto.fr\/?s={search_term_string}"},"query-input":"required name=search_term_string"}],"inLanguage":"fr-FR"},{"@type":"Person","@id":"https:\/\/aneto.fr\/#\/schema\/person\/5229216c9775aaf0ee85426476831f9d","name":"admin4108","image":{"@type":"ImageObject","inLanguage":"fr-FR","@id":"https:\/\/aneto.fr\/#\/schema\/person\/image\/","url":"https:\/\/secure.gravatar.com\/avatar\/401241fc00e0a8cdd749d9c122c8e919?s=96&d=mm&r=g","contentUrl":"https:\/\/secure.gravatar.com\/avatar\/401241fc00e0a8cdd749d9c122c8e919?s=96&d=mm&r=g","caption":"admin4108"},"url":"https:\/\/aneto.fr\/index.php\/author\/admin4108\/"}]}},"uagb_featured_image_src":{"full":["https:\/\/aneto.fr\/wp-content\/uploads\/2022\/04\/Invivo.png",1247,774,false],"thumbnail":["https:\/\/aneto.fr\/wp-content\/uploads\/2022\/04\/Invivo-150x150.png",150,150,true],"medium":["https:\/\/aneto.fr\/wp-content\/uploads\/2022\/04\/Invivo-300x186.png",300,186,true],"medium_large":["https:\/\/aneto.fr\/wp-content\/uploads\/2022\/04\/Invivo-768x477.png",768,477,true],"large":["https:\/\/aneto.fr\/wp-content\/uploads\/2022\/04\/Invivo-1024x636.png",1024,636,true],"1536x1536":["https:\/\/aneto.fr\/wp-content\/uploads\/2022\/04\/Invivo.png",1247,774,false],"2048x2048":["https:\/\/aneto.fr\/wp-content\/uploads\/2022\/04\/Invivo.png",1247,774,false],"sydney-large-thumb":["https:\/\/aneto.fr\/wp-content\/uploads\/2022\/04\/Invivo-830x515.png",830,515,true],"sydney-medium-thumb":["https:\/\/aneto.fr\/wp-content\/uploads\/2022\/04\/Invivo-550x400.png",550,400,true],"sydney-small-thumb":["https:\/\/aneto.fr\/wp-content\/uploads\/2022\/04\/Invivo-230x143.png",230,143,true],"sydney-service-thumb":["https:\/\/aneto.fr\/wp-content\/uploads\/2022\/04\/Invivo-350x217.png",350,217,true],"sydney-mas-thumb":["https:\/\/aneto.fr\/wp-content\/uploads\/2022\/04\/Invivo-480x298.png",480,298,true]},"uagb_author_info":{"display_name":"admin4108","author_link":"https:\/\/aneto.fr\/index.php\/author\/admin4108\/"},"uagb_comment_info":0,"uagb_excerpt":"Le trio Zouari-Niel-Pigasse, via son v\u00e9hicule d&rsquo;acquisition 2MX Organic, semble avoir enfin trouv\u00e9 le partenaire id\u00e9al pour bousculer la distribution alimentaire en [&hellip;]","_links":{"self":[{"href":"https:\/\/aneto.fr\/index.php\/wp-json\/wp\/v2\/posts\/948"}],"collection":[{"href":"https:\/\/aneto.fr\/index.php\/wp-json\/wp\/v2\/posts"}],"about":[{"href":"https:\/\/aneto.fr\/index.php\/wp-json\/wp\/v2\/types\/post"}],"author":[{"embeddable":true,"href":"https:\/\/aneto.fr\/index.php\/wp-json\/wp\/v2\/users\/1"}],"replies":[{"embeddable":true,"href":"https:\/\/aneto.fr\/index.php\/wp-json\/wp\/v2\/comments?post=948"}],"version-history":[{"count":20,"href":"https:\/\/aneto.fr\/index.php\/wp-json\/wp\/v2\/posts\/948\/revisions"}],"predecessor-version":[{"id":1762,"href":"https:\/\/aneto.fr\/index.php\/wp-json\/wp\/v2\/posts\/948\/revisions\/1762"}],"wp:featuredmedia":[{"embeddable":true,"href":"https:\/\/aneto.fr\/index.php\/wp-json\/wp\/v2\/media\/973"}],"wp:attachment":[{"href":"https:\/\/aneto.fr\/index.php\/wp-json\/wp\/v2\/media?parent=948"}],"wp:term":[{"taxonomy":"category","embeddable":true,"href":"https:\/\/aneto.fr\/index.php\/wp-json\/wp\/v2\/categories?post=948"},{"taxonomy":"post_tag","embeddable":true,"href":"https:\/\/aneto.fr\/index.php\/wp-json\/wp\/v2\/tags?post=948"}],"curies":[{"name":"wp","href":"https:\/\/api.w.org\/{rel}","templated":true}]}}